{"id":1,"date":"2013-11-20T19:02:07","date_gmt":"2013-11-20T19:02:07","guid":{"rendered":"http:\/\/katedry.ped.muni.cz\/kmv\/?p=1"},"modified":"2021-12-06T16:57:06","modified_gmt":"2021-12-06T15:57:06","slug":"symposium","status":"publish","type":"post","link":"https:\/\/katedry.ped.muni.cz\/kmv\/symposium","title":{"rendered":"Symposium soci\u00e1ln\u00ed pedagogiky 2013 &#8211; 20.&nbsp;11.&nbsp;2013"},"content":{"rendered":"<div class=\"wpb_row vc_row-fluid\">\n\t<div class=\"vc_span12 wpb_column column_container\">\n\t\t<div class=\"wpb_wrapper\">\n\t\t\t\n\t<div class=\"wpb_text_column wpb_content_element \">\n\t\t<div class=\"wpb_wrapper\">\n\t\t\t<p>V\u00e1\u017een\u00ed a&nbsp;mil\u00ed p\u0159\u00edznivci soci\u00e1ln\u00ed pedagogiky, dovolujeme si V\u00e1s jm\u00e9nem Katedry soci\u00e1ln\u00ed pedagogiky pozvat na jednodenn\u00ed sympozium konan\u00e9 na Pedagogick\u00e9 fakult\u011b Masarykovy univerzity v&nbsp;Brn\u011b.<\/p>\n<h2>C\u00edl symposia:<\/h2>\n<p>Profesn\u00ed pedagogickou (volno\u010dasovou a&nbsp;soci\u00e1ln\u00ed) praxi vn\u00edm\u00e1me jako jeden z&nbsp;d\u016fle\u017eit\u00fdch pil\u00ed\u0159\u016f, na kter\u00e9m je vystav\u011bno utv\u00e1\u0159en\u00ed kompetenc\u00ed na\u0161ich budouc\u00edch absolvent\u016f, proto hlavn\u00edm c\u00edlem leto\u0161n\u00edho symposia je p\u0159edstaven\u00ed obnoven\u00e9ho syst\u00e9mu pedagogick\u00fdch prax\u00ed na Kated\u0159e soci\u00e1ln\u00ed pedagogiky Pdf MU, kter\u00e9 \u00fazce souvis\u00ed s&nbsp;n\u00e1sledn\u00fdm profesn\u00edm uplatn\u011bn\u00edm na\u0161ich absolvent\u016f.<\/p>\n<h2>Dopoledn\u00ed program: 9:30 \u2013 12:00<\/h2>\n<p><em>Blahoslav Kraus: Quo vadis soci\u00e1ln\u00ed pedagogiko?<\/em><br \/>\n<em> Lenka Gulov\u00e1, Martina Kurowski: Pedagogick\u00e9 praxe od A&nbsp;do Z<\/em><br \/>\n<em> Lenka Remsov\u00e1: Dramatick\u00e1 pedagogick\u00e1 praxe<\/em><br \/>\n<em> Franti\u0161ek Trapl: Zahrani\u010dn\u00ed zku\u0161enost a&nbsp;jej\u00ed v\u00fdznam pro pedagogickou praxi<\/em><\/p>\n<h2>Odpoledn\u00ed program: 13:00 \u2013 15:30<\/h2>\n<p><strong>Volno\u010dasov\u00e1 praxe:<\/strong><br \/>\n<em>Veronika Valachov\u00e1: T\u00e1bory a&nbsp;jak na n\u011b?<\/em><br \/>\n<em> Lucie Barochov\u00e1, Milan Smutn\u00fd: Volno\u010dasov\u00e9 aktivity s&nbsp;migranty<\/em><\/p>\n<p><strong>Soci\u00e1ln\u00ed praxe:<\/strong><br \/>\n<em>Michael Schmidt: Loutka v&nbsp;domov\u011b pro seniory<\/em><br \/>\n<em> Jana B\u00f6hmov\u00e1: Soci\u00e1ln\u00ed pedagog ve \u0161kole<\/em><br \/>\n<em> Barbora N\u011bmcov\u00e1: Praxe na OSPOD a&nbsp;pr\u00e1ce u&nbsp;ve\u0159ejn\u00e9ho ochr\u00e1nce pr\u00e1v<\/em><\/p>\n<p><strong>Praxe v&nbsp;multikulturn\u00ed v\u00fdchov\u011b:<\/strong><br \/>\n<em>Zden\u011bk Mal\u00fd: Srovn\u00e1n\u00ed MKV praxe v&nbsp;Bc. a&nbsp;Mgr. studiu<\/em><\/p>\n<p><strong>Praxe v&nbsp;aktivizaci senior\u016f:<\/strong><br \/>\n<em>Lenka Kohnov\u00e1: Aktivizace senior\u016f s&nbsp;p\u0159esahem do v\u011bdeck\u00e9 pr\u00e1ce<\/em><\/p>\n<p><strong>Praxe v&nbsp;aktivn\u00edm dou\u010dov\u00e1n\u00ed<\/strong><br \/>\n<em>Lenka \u010eul\u00edkov\u00e1: Jak\u00e9 je to b\u00fdt dom\u00e1c\u00ed u\u010ditel?<\/em><\/p>\n<p><strong>Bonus: 15:30 \u2013 17:00<\/strong><br \/>\n<em>Du\u0161an Klapko, Lenka Remsov\u00e1: Konstrukce vzd\u011bl\u00e1v\u00e1n\u00ed \u017e\u00e1ka ze soci\u00e1ln\u011b znev\u00fdhodn\u011bn\u00e9ho prost\u0159ed\u00ed z&nbsp;pohledu t\u0159\u00ed sv\u011bt\u016f jeho re\u00e1ln\u00e9ho \u017eit\u00ed<\/em><\/p>\n<p>Soci\u00e1ln\u011b pedagogick\u00e1 deskov\u00e1 hra a&nbsp;drama : \u201cCo si o&nbsp;SocPedu mysl\u00ed na\u0161i bl\u00edzc\u00ed?\u201d studenti a&nbsp;studentky ro\u010dn\u00edku magistersk\u00e9ho studia<\/p>\n<p>Projekt Tvorba a&nbsp;inovace vzd\u011bl\u00e1vac\u00edch program\u016f a&nbsp;profesn\u00edch prax\u00ed (CZ.1.07\/2.2.00\/28.0040)<\/p>\n<p><a href=\"https:\/\/katedry.ped.muni.cz\/kmv\/wp-content\/uploads\/sites\/27\/2013\/11\/plakat_symposium.preview.jpg\"><img loading=\"lazy\" decoding=\"async\" class=\"alignleft wp-image-3689 size-medium\" src=\"https:\/\/katedry.ped.muni.cz\/kmv\/wp-content\/uploads\/sites\/27\/2013\/11\/plakat_symposium.preview-105x150.jpg\" alt=\"\" width=\"105\" height=\"150\" srcset=\"https:\/\/katedry.ped.muni.cz\/kmv\/wp-content\/uploads\/sites\/27\/2013\/11\/plakat_symposium.preview-105x150.jpg 105w, https:\/\/katedry.ped.muni.cz\/kmv\/wp-content\/uploads\/sites\/27\/2013\/11\/plakat_symposium.preview-70x100.jpg 70w, https:\/\/katedry.ped.muni.cz\/kmv\/wp-content\/uploads\/sites\/27\/2013\/11\/plakat_symposium.preview.jpg 431w\" sizes=\"auto, (max-width: 105px) 100vw, 105px\" \/><\/a><\/p>\n\n\t\t<\/div> \n\t<\/div> \n\t\t<\/div> \n\t<\/div> \n<\/div><div class=\"wpb_row vc_row-fluid\">\n\t<div class=\"vc_span12 wpb_column column_container\">\n\t\t<div class=\"wpb_wrapper\">\n\t\t\t<hr class=\"vcex-spacing \" style=\"height: 30px\" \/>\n\t\t<\/div> \n\t<\/div> \n<\/div><div class=\"wpb_row vc_row-fluid\" style=\"background-color:#f7f7f7;\">\n\t<div class=\"vc_span6 wpb_column column_container\">\n\t\t<div class=\"wpb_wrapper\">\n\t\t\t\n\t<div class=\"wpb_text_column wpb_content_element \">\n\t\t<div class=\"wpb_wrapper\">\n\t\t\t<p><span style=\"font-size: 16px\"><strong>PODROBNOSTI<\/strong><\/span><\/p>\n<p><strong>Datum:<\/strong> 20.&nbsp;11.&nbsp;2013<\/p>\n<p><strong>\u010cas:<\/strong> 9.30\u201417.00<\/p>\n<p><strong>M\u00edsto kon\u00e1n\u00ed:<\/strong> Katedra soci\u00e1ln\u00ed pedagogiky Pedagogick\u00e9 fakulty MU, Po\u0159\u00ed\u010d\u00ed 31, Brno<\/p>\n<p><strong>U\u010debna:<\/strong> \u010d.&nbsp;30<\/p>\n\n\t\t<\/div> \n\t<\/div> \n\t\t<\/div> \n\t<\/div> \n\n\t<div class=\"vc_span6 wpb_column column_container\">\n\t\t<div class=\"wpb_wrapper\">\n\t\t\t<div class=\"wpb_gmaps_widget wpb_content_element\">\n\t\t<div class=\"wpb_wrapper\">\n\t\t<div class=\"wpb_map_wraper\">\n\t\t\t<iframe loading=\"lazy\" src=\"https:\/\/mapsengine.google.com\/map\/embed?mid=z6TOqHzubOqw.kCAUdCeaHFYY\" width=\"640\" height=\"268\"><\/iframe>\t\t<\/div>\n\t<\/div><\/div>\n\t\t<\/div> \n\t<\/div> \n<\/div><div class=\"wpb_row vc_row-fluid\">\n\t<div class=\"vc_span12 wpb_column column_container\">\n\t\t<div class=\"wpb_wrapper\">\n\t\t\t<hr class=\"vcex-spacing \" style=\"height: 30px\" \/>\n\t\t<\/div> \n\t<\/div> \n<\/div>\n","protected":false},"excerpt":{"rendered":"V\u00e1\u017een\u00ed a mil\u00ed p\u0159\u00edznivci soci\u00e1ln\u00ed pedagogiky, dovolujeme si V\u00e1s jm\u00e9nem Katedry soci\u00e1ln\u00ed pedagogiky pozvat na jednodenn\u00ed sympozium konan\u00e9 na Pedagogick\u00e9 fakult\u011b Masarykovy univerzity v Brn\u011b. C\u00edl symposia: Profesn\u00ed pedagogickou (volno\u010dasovou [...]","protected":false},"author":42,"featured_media":3693,"comment_status":"closed","ping_status":"open","sticky":false,"template":"","format":"standard","meta":{"footnotes":""},"categories":[77,13],"tags":[18],"class_list":["post-1","post","type-post","status-publish","format-standard","has-post-thumbnail","hentry","category-77","category-aktuality","tag-domaci-ucitel"],"amp_enabled":true,"_links":{"self":[{"href":"https:\/\/katedry.ped.muni.cz\/kmv\/wp-json\/wp\/v2\/posts\/1","targetHints":{"allow":["GET"]}}],"collection":[{"href":"https:\/\/katedry.ped.muni.cz\/kmv\/wp-json\/wp\/v2\/posts"}],"about":[{"href":"https:\/\/katedry.ped.muni.cz\/kmv\/wp-json\/wp\/v2\/types\/post"}],"author":[{"embeddable":true,"href":"https:\/\/katedry.ped.muni.cz\/kmv\/wp-json\/wp\/v2\/users\/42"}],"replies":[{"embeddable":true,"href":"https:\/\/katedry.ped.muni.cz\/kmv\/wp-json\/wp\/v2\/comments?post=1"}],"version-history":[{"count":43,"href":"https:\/\/katedry.ped.muni.cz\/kmv\/wp-json\/wp\/v2\/posts\/1\/revisions"}],"predecessor-version":[{"id":3694,"href":"https:\/\/katedry.ped.muni.cz\/kmv\/wp-json\/wp\/v2\/posts\/1\/revisions\/3694"}],"wp:featuredmedia":[{"embeddable":true,"href":"https:\/\/katedry.ped.muni.cz\/kmv\/wp-json\/wp\/v2\/media\/3693"}],"wp:attachment":[{"href":"https:\/\/katedry.ped.muni.cz\/kmv\/wp-json\/wp\/v2\/media?parent=1"}],"wp:term":[{"taxonomy":"category","embeddable":true,"href":"https:\/\/katedry.ped.muni.cz\/kmv\/wp-json\/wp\/v2\/categories?post=1"},{"taxonomy":"post_tag","embeddable":true,"href":"https:\/\/katedry.ped.muni.cz\/kmv\/wp-json\/wp\/v2\/tags?post=1"}],"curies":[{"name":"wp","href":"https:\/\/api.w.org\/{rel}","templated":true}]}}